{"id":3622,"date":"2023-01-10T13:07:55","date_gmt":"2023-01-10T12:07:55","guid":{"rendered":"http:\/\/stanekbrandmeir.flostanek.at\/?p=3622"},"modified":"2023-01-10T13:07:56","modified_gmt":"2023-01-10T12:07:56","slug":"stanek-brand-jahresrueckblick-2022","status":"publish","type":"post","link":"http:\/\/stanekbrandmeir.flostanek.at\/en\/2023\/01\/10\/stanek-brand-jahresrueckblick-2022\/","title":{"rendered":"Stanek Brand Jahresr\u00fcckblick 2022"},"content":{"rendered":"<figure class=\"wp-block-image size-large\"><a href=\"https:\/\/i0.wp.com\/stanekbrandmeir.flostanek.at\/wp-content\/uploads\/2023\/01\/Stanek-Brand-Rueckblick2022-1.jpg\"><img data-recalc-dims=\"1\" loading=\"lazy\" decoding=\"async\" width=\"1024\" height=\"651\" data-attachment-id=\"3624\" data-permalink=\"http:\/\/stanekbrandmeir.flostanek.at\/en\/2023\/01\/10\/stanek-brand-jahresrueckblick-2022\/stanek-brand-rueckblick2022-1\/\" data-orig-file=\"https:\/\/i0.wp.com\/stanekbrandmeir.flostanek.at\/wp-content\/uploads\/2023\/01\/Stanek-Brand-Rueckblick2022-1.jpg?fit=1662%2C1056\" data-orig-size=\"1662,1056\" data-comments-opened=\"0\" data-image-meta=\"{&quot;aperture&quot;:&quot;0&quot;,&quot;credit&quot;:&quot;&quot;,&quot;camera&quot;:&quot;&quot;,&quot;caption&quot;:&quot;&quot;,&quot;created_timestamp&quot;:&quot;0&quot;,&quot;copyright&quot;:&quot;&quot;,&quot;focal_length&quot;:&quot;0&quot;,&quot;iso&quot;:&quot;0&quot;,&quot;shutter_speed&quot;:&quot;0&quot;,&quot;title&quot;:&quot;&quot;,&quot;orientation&quot;:&quot;0&quot;}\" data-image-title=\"Stanek-Brand-Rueckblick2022-1\" data-image-description=\"\" data-image-caption=\"\" data-large-file=\"https:\/\/i0.wp.com\/stanekbrandmeir.flostanek.at\/wp-content\/uploads\/2023\/01\/Stanek-Brand-Rueckblick2022-1.jpg?fit=1024%2C651\" src=\"https:\/\/i0.wp.com\/stanekbrandmeir.flostanek.at\/wp-content\/uploads\/2023\/01\/Stanek-Brand-Rueckblick2022-1.jpg?resize=1024%2C651\" alt=\"\" class=\"wp-image-3624\" srcset=\"https:\/\/i0.wp.com\/stanekbrandmeir.flostanek.at\/wp-content\/uploads\/2023\/01\/Stanek-Brand-Rueckblick2022-1.jpg?resize=1024%2C651 1024w, https:\/\/i0.wp.com\/stanekbrandmeir.flostanek.at\/wp-content\/uploads\/2023\/01\/Stanek-Brand-Rueckblick2022-1.jpg?resize=300%2C191 300w, https:\/\/i0.wp.com\/stanekbrandmeir.flostanek.at\/wp-content\/uploads\/2023\/01\/Stanek-Brand-Rueckblick2022-1.jpg?resize=768%2C488 768w, https:\/\/i0.wp.com\/stanekbrandmeir.flostanek.at\/wp-content\/uploads\/2023\/01\/Stanek-Brand-Rueckblick2022-1.jpg?resize=1536%2C976 1536w, https:\/\/i0.wp.com\/stanekbrandmeir.flostanek.at\/wp-content\/uploads\/2023\/01\/Stanek-Brand-Rueckblick2022-1.jpg?resize=18%2C12 18w, https:\/\/i0.wp.com\/stanekbrandmeir.flostanek.at\/wp-content\/uploads\/2023\/01\/Stanek-Brand-Rueckblick2022-1.jpg?w=1662 1662w\" sizes=\"auto, (max-width: 1024px) 100vw, 1024px\" \/><\/a><\/figure>\n\n\n\n<p>Wir freuen uns sehr, dass unsere St\u00fccke im Jahr 2022 an so vielen Orten zu sehen waren &#8211; konkret im gesamten deutschsprachigen Raum! Ein kleiner Jahresr\u00fcckblick: Im J\u00e4nner 2022 fanden noch Vorstellungen von &#8222;Die f\u00fcrchterlichen F\u00fcnf&#8220; an der Jungen B\u00fchne Bern statt, einem bezaubernden Jugendtheater, tats\u00e4chlich &#8222;unter einer Br\u00fccke&#8220; (wie im St\u00fcck) gelegen und in einer fantasievollen musikalischen Umsetzung mit Hackbrett. Weiter ging es mit der Berliner Urauff\u00fchrung von &#8222;Neues Jahr, neues Gl\u00fcck&#8220; des Friedrichstadt-Palasts. In dieser Familienshow (Buch: Florian Stanek, Musikalische Leitung: Sebastian Brand) sollte das Junge Ensemble des Palastes nach der Corona-Pause mal wieder wirklich alle Register ziehen und in einer opulenten Show zeigen, was es kann. Weiter ging es mit Vorstellungen der Simpl-Revue &#8222;Krone der Ersch\u00f6pfung&#8220; im Wiener Theater im Park, wo wir bei einem, auch im ORF ausgestrahlten, Videokonferenz-Sketch und Lied mitwirken konnten. Im Sommer kam es zu einer Produktion unserer Klassiker-Adaption &#8222;Der eingebildet Kranke &#8211; Das Musical&#8220; an der Freilichtb\u00fchne Bellenberg, einem Amphitheater mit stattlichen 850 Sitzpl\u00e4tzen. \u00dcber die liebevolle und detailgetreue Umsetzung unseres St\u00fcckes dort haben wir uns sehr gefreut, auch wenn wir es aus Termingr\u00fcnden nur per Video sehen konnten. Der Herbst startete mit einer Wiederaufnahme unserer &#8222;Reifen Damen&#8220; an den Uckerm\u00e4rkischen B\u00fchnen Schwedt, wo unsere drei reifen Ladies wieder singen und swingen durften. Den kr\u00f6nenden Abschluss des Jahres bildete die Urauff\u00fchrung unserer &#8222;Frau Holle&#8220; an der Oper Graz in Zusammenarbeit mit dem Next Liberty Graz. Unsere Verbindung des Grimmschen M\u00e4rchens mit der aktuellen Klimakrise wurde von Kritik und Publikum sehr wohlwollend aufgenommen und die Vorstellungen bestens besucht. Wir blicken mit Freude auf die Herausforderungen des kommenden Jahres!  <\/p>","protected":false},"excerpt":{"rendered":"<p>Wir freuen uns sehr, dass unsere St\u00fccke im Jahr 2022 an so vielen Orten zu sehen waren &#8211; konkret im gesamten deutschsprachigen Raum! Ein kleiner Jahresr\u00fcckblick: Im J\u00e4nner 2022 fanden noch Vorstellungen von &#8222;Die f\u00fcrchterlichen F\u00fcnf&#8220; an der Jungen B\u00fchne Bern statt, einem bezaubernden Jugendtheater, tats\u00e4chlich &#8222;unter einer Br\u00fccke&#8220; (wie im St\u00fcck) gelegen und in<\/p>\n<div><a class=\"btn-filled btn\" href=\"http:\/\/stanekbrandmeir.flostanek.at\/en\/2023\/01\/10\/stanek-brand-jahresrueckblick-2022\/\" title=\"Stanek Brand Jahresr\u00fcckblick 2022\">Read More<\/a><\/div>","protected":false},"author":1,"featured_media":3623,"comment_status":"closed","ping_status":"closed","sticky":false,"template":"","format":"standard","meta":{"_monsterinsights_skip_tracking":false,"_monsterinsights_sitenote_active":false,"_monsterinsights_sitenote_note":"","_monsterinsights_sitenote_category":0,"jetpack_post_was_ever_published":false,"_jetpack_newsletter_access":"","_jetpack_dont_email_post_to_subs":false,"_jetpack_newsletter_tier_id":0,"_jetpack_memberships_contains_paywalled_content":false,"_jetpack_memberships_contains_paid_content":false,"footnotes":"","jetpack_publicize_message":"","jetpack_publicize_feature_enabled":true,"jetpack_social_post_already_shared":true,"jetpack_social_options":{"image_generator_settings":{"template":"highway","default_image_id":0,"font":"","enabled":false},"version":2}},"categories":[162],"tags":[],"class_list":["post-3622","post","type-post","status-publish","format-standard","has-post-thumbnail","hentry","category-auffuehrungen"],"yoast_head":"<!-- This site is optimized with the Yoast SEO plugin v24.9 - https:\/\/yoast.com\/wordpress\/plugins\/seo\/ -->\n<title>Stanek Brand Jahresr\u00fcckblick 2022 - STANEK &amp; BRAND<\/title>\n<meta name=\"robots\" content=\"index, follow, max-snippet:-1, max-image-preview:large, max-video-preview:-1\" \/>\n<link rel=\"canonical\" href=\"https:\/\/stanekbrandmeir.flostanek.at\/en\/2023\/01\/10\/stanek-brand-jahresrueckblick-2022\/\" \/>\n<meta property=\"og:locale\" content=\"en_US\" \/>\n<meta property=\"og:type\" content=\"article\" \/>\n<meta property=\"og:title\" content=\"Stanek Brand Jahresr\u00fcckblick 2022 - STANEK &amp; BRAND\" \/>\n<meta property=\"og:description\" content=\"Wir freuen uns sehr, dass unsere St\u00fccke im Jahr 2022 an so vielen Orten zu sehen waren &#8211; konkret im gesamten deutschsprachigen Raum! Ein kleiner Jahresr\u00fcckblick: Im J\u00e4nner 2022 fanden noch Vorstellungen von &#8222;Die f\u00fcrchterlichen F\u00fcnf&#8220; an der Jungen B\u00fchne Bern statt, einem bezaubernden Jugendtheater, tats\u00e4chlich &#8222;unter einer Br\u00fccke&#8220; (wie im St\u00fcck) gelegen und inRead More\" \/>\n<meta property=\"og:url\" content=\"https:\/\/stanekbrandmeir.flostanek.at\/en\/2023\/01\/10\/stanek-brand-jahresrueckblick-2022\/\" \/>\n<meta property=\"og:site_name\" content=\"STANEK &amp; BRAND\" \/>\n<meta property=\"article:publisher\" content=\"https:\/\/www.facebook.com\/flo.stanek.9\" \/>\n<meta property=\"article:published_time\" content=\"2023-01-10T12:07:55+00:00\" \/>\n<meta property=\"article:modified_time\" content=\"2023-01-10T12:07:56+00:00\" \/>\n<meta property=\"og:image\" content=\"https:\/\/i0.wp.com\/stanekbrandmeir.flostanek.at\/wp-content\/uploads\/2023\/01\/Stanek-Brand-Rueckblick2022.jpg?fit=1662%2C1056&ssl=1\" \/>\n\t<meta property=\"og:image:width\" content=\"1662\" \/>\n\t<meta property=\"og:image:height\" content=\"1056\" \/>\n\t<meta property=\"og:image:type\" content=\"image\/jpeg\" \/>\n<meta name=\"author\" content=\"stanek&amp;brand\" \/>\n<meta name=\"twitter:card\" content=\"summary_large_image\" \/>\n<meta name=\"twitter:label1\" content=\"Written by\" \/>\n\t<meta name=\"twitter:data1\" content=\"stanek&amp;brand\" \/>\n\t<meta name=\"twitter:label2\" content=\"Est. reading time\" \/>\n\t<meta name=\"twitter:data2\" content=\"2 minutes\" \/>\n<script type=\"application\/ld+json\" class=\"yoast-schema-graph\">{\"@context\":\"https:\/\/schema.org\",\"@graph\":[{\"@type\":\"WebPage\",\"@id\":\"https:\/\/stanekbrandmeir.flostanek.at\/2023\/01\/10\/stanek-brand-jahresrueckblick-2022\/\",\"url\":\"https:\/\/stanekbrandmeir.flostanek.at\/2023\/01\/10\/stanek-brand-jahresrueckblick-2022\/\",\"name\":\"Stanek Brand Jahresr\u00fcckblick 2022 - STANEK &amp; BRAND\",\"isPartOf\":{\"@id\":\"http:\/\/stanekbrandmeir.flostanek.at\/#website\"},\"primaryImageOfPage\":{\"@id\":\"https:\/\/stanekbrandmeir.flostanek.at\/2023\/01\/10\/stanek-brand-jahresrueckblick-2022\/#primaryimage\"},\"image\":{\"@id\":\"https:\/\/stanekbrandmeir.flostanek.at\/2023\/01\/10\/stanek-brand-jahresrueckblick-2022\/#primaryimage\"},\"thumbnailUrl\":\"https:\/\/i0.wp.com\/stanekbrandmeir.flostanek.at\/wp-content\/uploads\/2023\/01\/Stanek-Brand-Rueckblick2022.jpg?fit=1662%2C1056\",\"datePublished\":\"2023-01-10T12:07:55+00:00\",\"dateModified\":\"2023-01-10T12:07:56+00:00\",\"author\":{\"@id\":\"http:\/\/stanekbrandmeir.flostanek.at\/#\/schema\/person\/ed10b2c11bf4d1aa71d8e7f85c558ae9\"},\"breadcrumb\":{\"@id\":\"https:\/\/stanekbrandmeir.flostanek.at\/2023\/01\/10\/stanek-brand-jahresrueckblick-2022\/#breadcrumb\"},\"inLanguage\":\"en-US\",\"potentialAction\":[{\"@type\":\"ReadAction\",\"target\":[\"https:\/\/stanekbrandmeir.flostanek.at\/2023\/01\/10\/stanek-brand-jahresrueckblick-2022\/\"]}]},{\"@type\":\"ImageObject\",\"inLanguage\":\"en-US\",\"@id\":\"https:\/\/stanekbrandmeir.flostanek.at\/2023\/01\/10\/stanek-brand-jahresrueckblick-2022\/#primaryimage\",\"url\":\"https:\/\/i0.wp.com\/stanekbrandmeir.flostanek.at\/wp-content\/uploads\/2023\/01\/Stanek-Brand-Rueckblick2022.jpg?fit=1662%2C1056\",\"contentUrl\":\"https:\/\/i0.wp.com\/stanekbrandmeir.flostanek.at\/wp-content\/uploads\/2023\/01\/Stanek-Brand-Rueckblick2022.jpg?fit=1662%2C1056\",\"width\":1662,\"height\":1056},{\"@type\":\"BreadcrumbList\",\"@id\":\"https:\/\/stanekbrandmeir.flostanek.at\/2023\/01\/10\/stanek-brand-jahresrueckblick-2022\/#breadcrumb\",\"itemListElement\":[{\"@type\":\"ListItem\",\"position\":1,\"name\":\"Home\",\"item\":\"http:\/\/stanekbrandmeir.flostanek.at\/\"},{\"@type\":\"ListItem\",\"position\":2,\"name\":\"Stanek Brand Jahresr\u00fcckblick 2022\"}]},{\"@type\":\"WebSite\",\"@id\":\"http:\/\/stanekbrandmeir.flostanek.at\/#website\",\"url\":\"http:\/\/stanekbrandmeir.flostanek.at\/\",\"name\":\"STANEK &amp; BRAND\",\"description\":\"Autoren f\u00fcr Musiktheater\",\"potentialAction\":[{\"@type\":\"SearchAction\",\"target\":{\"@type\":\"EntryPoint\",\"urlTemplate\":\"http:\/\/stanekbrandmeir.flostanek.at\/?s={search_term_string}\"},\"query-input\":{\"@type\":\"PropertyValueSpecification\",\"valueRequired\":true,\"valueName\":\"search_term_string\"}}],\"inLanguage\":\"en-US\"},{\"@type\":\"Person\",\"@id\":\"http:\/\/stanekbrandmeir.flostanek.at\/#\/schema\/person\/ed10b2c11bf4d1aa71d8e7f85c558ae9\",\"name\":\"stanek&amp;brand\",\"image\":{\"@type\":\"ImageObject\",\"inLanguage\":\"en-US\",\"@id\":\"http:\/\/stanekbrandmeir.flostanek.at\/#\/schema\/person\/image\/\",\"url\":\"https:\/\/secure.gravatar.com\/avatar\/1f8d3f0f502b0554de51becc286028fbaa6fa73d7869b795403d0ffd44d18292?s=96&d=mm&r=g\",\"contentUrl\":\"https:\/\/secure.gravatar.com\/avatar\/1f8d3f0f502b0554de51becc286028fbaa6fa73d7869b795403d0ffd44d18292?s=96&d=mm&r=g\",\"caption\":\"stanek&amp;brand\"},\"sameAs\":[\"http:\/\/www.stanekbrand.com\",\"https:\/\/www.youtube.com\/channel\/UClCJi4gMgAhHMA57xPyiCSQ\",\"https:\/\/de.wikipedia.org\/wiki\/Florian_Stanek\"],\"url\":\"http:\/\/stanekbrandmeir.flostanek.at\/en\/author\/stanekbrandmeir\/\"}]}<\/script>\n<!-- \/ Yoast SEO plugin. -->","yoast_head_json":{"title":"Stanek Brand Jahresr\u00fcckblick 2022 - STANEK &amp; BRAND","robots":{"index":"index","follow":"follow","max-snippet":"max-snippet:-1","max-image-preview":"max-image-preview:large","max-video-preview":"max-video-preview:-1"},"canonical":"https:\/\/stanekbrandmeir.flostanek.at\/en\/2023\/01\/10\/stanek-brand-jahresrueckblick-2022\/","og_locale":"en_US","og_type":"article","og_title":"Stanek Brand Jahresr\u00fcckblick 2022 - STANEK &amp; BRAND","og_description":"Wir freuen uns sehr, dass unsere St\u00fccke im Jahr 2022 an so vielen Orten zu sehen waren &#8211; konkret im gesamten deutschsprachigen Raum! Ein kleiner Jahresr\u00fcckblick: Im J\u00e4nner 2022 fanden noch Vorstellungen von &#8222;Die f\u00fcrchterlichen F\u00fcnf&#8220; an der Jungen B\u00fchne Bern statt, einem bezaubernden Jugendtheater, tats\u00e4chlich &#8222;unter einer Br\u00fccke&#8220; (wie im St\u00fcck) gelegen und inRead More","og_url":"https:\/\/stanekbrandmeir.flostanek.at\/en\/2023\/01\/10\/stanek-brand-jahresrueckblick-2022\/","og_site_name":"STANEK &amp; BRAND","article_publisher":"https:\/\/www.facebook.com\/flo.stanek.9","article_published_time":"2023-01-10T12:07:55+00:00","article_modified_time":"2023-01-10T12:07:56+00:00","og_image":[{"width":1662,"height":1056,"url":"https:\/\/i0.wp.com\/stanekbrandmeir.flostanek.at\/wp-content\/uploads\/2023\/01\/Stanek-Brand-Rueckblick2022.jpg?fit=1662%2C1056&ssl=1","type":"image\/jpeg"}],"author":"stanek&amp;brand","twitter_card":"summary_large_image","twitter_misc":{"Written by":"stanek&amp;brand","Est. reading time":"2 minutes"},"schema":{"@context":"https:\/\/schema.org","@graph":[{"@type":"WebPage","@id":"https:\/\/stanekbrandmeir.flostanek.at\/2023\/01\/10\/stanek-brand-jahresrueckblick-2022\/","url":"https:\/\/stanekbrandmeir.flostanek.at\/2023\/01\/10\/stanek-brand-jahresrueckblick-2022\/","name":"Stanek Brand Jahresr\u00fcckblick 2022 - STANEK &amp; BRAND","isPartOf":{"@id":"http:\/\/stanekbrandmeir.flostanek.at\/#website"},"primaryImageOfPage":{"@id":"https:\/\/stanekbrandmeir.flostanek.at\/2023\/01\/10\/stanek-brand-jahresrueckblick-2022\/#primaryimage"},"image":{"@id":"https:\/\/stanekbrandmeir.flostanek.at\/2023\/01\/10\/stanek-brand-jahresrueckblick-2022\/#primaryimage"},"thumbnailUrl":"https:\/\/i0.wp.com\/stanekbrandmeir.flostanek.at\/wp-content\/uploads\/2023\/01\/Stanek-Brand-Rueckblick2022.jpg?fit=1662%2C1056","datePublished":"2023-01-10T12:07:55+00:00","dateModified":"2023-01-10T12:07:56+00:00","author":{"@id":"http:\/\/stanekbrandmeir.flostanek.at\/#\/schema\/person\/ed10b2c11bf4d1aa71d8e7f85c558ae9"},"breadcrumb":{"@id":"https:\/\/stanekbrandmeir.flostanek.at\/2023\/01\/10\/stanek-brand-jahresrueckblick-2022\/#breadcrumb"},"inLanguage":"en-US","potentialAction":[{"@type":"ReadAction","target":["https:\/\/stanekbrandmeir.flostanek.at\/2023\/01\/10\/stanek-brand-jahresrueckblick-2022\/"]}]},{"@type":"ImageObject","inLanguage":"en-US","@id":"https:\/\/stanekbrandmeir.flostanek.at\/2023\/01\/10\/stanek-brand-jahresrueckblick-2022\/#primaryimage","url":"https:\/\/i0.wp.com\/stanekbrandmeir.flostanek.at\/wp-content\/uploads\/2023\/01\/Stanek-Brand-Rueckblick2022.jpg?fit=1662%2C1056","contentUrl":"https:\/\/i0.wp.com\/stanekbrandmeir.flostanek.at\/wp-content\/uploads\/2023\/01\/Stanek-Brand-Rueckblick2022.jpg?fit=1662%2C1056","width":1662,"height":1056},{"@type":"BreadcrumbList","@id":"https:\/\/stanekbrandmeir.flostanek.at\/2023\/01\/10\/stanek-brand-jahresrueckblick-2022\/#breadcrumb","itemListElement":[{"@type":"ListItem","position":1,"name":"Home","item":"http:\/\/stanekbrandmeir.flostanek.at\/"},{"@type":"ListItem","position":2,"name":"Stanek Brand Jahresr\u00fcckblick 2022"}]},{"@type":"WebSite","@id":"http:\/\/stanekbrandmeir.flostanek.at\/#website","url":"http:\/\/stanekbrandmeir.flostanek.at\/","name":"STANEK &amp; BRAND","description":"Authors for musical theatre","potentialAction":[{"@type":"SearchAction","target":{"@type":"EntryPoint","urlTemplate":"http:\/\/stanekbrandmeir.flostanek.at\/?s={search_term_string}"},"query-input":{"@type":"PropertyValueSpecification","valueRequired":true,"valueName":"search_term_string"}}],"inLanguage":"en-US"},{"@type":"Person","@id":"http:\/\/stanekbrandmeir.flostanek.at\/#\/schema\/person\/ed10b2c11bf4d1aa71d8e7f85c558ae9","name":"stanek&amp;brand","image":{"@type":"ImageObject","inLanguage":"en-US","@id":"http:\/\/stanekbrandmeir.flostanek.at\/#\/schema\/person\/image\/","url":"https:\/\/secure.gravatar.com\/avatar\/1f8d3f0f502b0554de51becc286028fbaa6fa73d7869b795403d0ffd44d18292?s=96&d=mm&r=g","contentUrl":"https:\/\/secure.gravatar.com\/avatar\/1f8d3f0f502b0554de51becc286028fbaa6fa73d7869b795403d0ffd44d18292?s=96&d=mm&r=g","caption":"stanek&amp;brand"},"sameAs":["http:\/\/www.stanekbrand.com","https:\/\/www.youtube.com\/channel\/UClCJi4gMgAhHMA57xPyiCSQ","https:\/\/de.wikipedia.org\/wiki\/Florian_Stanek"],"url":"http:\/\/stanekbrandmeir.flostanek.at\/en\/author\/stanekbrandmeir\/"}]}},"jetpack_publicize_connections":[],"jetpack_featured_media_url":"https:\/\/i0.wp.com\/stanekbrandmeir.flostanek.at\/wp-content\/uploads\/2023\/01\/Stanek-Brand-Rueckblick2022.jpg?fit=1662%2C1056","jetpack_sharing_enabled":true,"jetpack_shortlink":"https:\/\/wp.me\/p9GkQl-Wq","jetpack_likes_enabled":true,"_links":{"self":[{"href":"http:\/\/stanekbrandmeir.flostanek.at\/en\/wp-json\/wp\/v2\/posts\/3622","targetHints":{"allow":["GET"]}}],"collection":[{"href":"http:\/\/stanekbrandmeir.flostanek.at\/en\/wp-json\/wp\/v2\/posts"}],"about":[{"href":"http:\/\/stanekbrandmeir.flostanek.at\/en\/wp-json\/wp\/v2\/types\/post"}],"author":[{"embeddable":true,"href":"http:\/\/stanekbrandmeir.flostanek.at\/en\/wp-json\/wp\/v2\/users\/1"}],"replies":[{"embeddable":true,"href":"http:\/\/stanekbrandmeir.flostanek.at\/en\/wp-json\/wp\/v2\/comments?post=3622"}],"version-history":[{"count":1,"href":"http:\/\/stanekbrandmeir.flostanek.at\/en\/wp-json\/wp\/v2\/posts\/3622\/revisions"}],"predecessor-version":[{"id":3625,"href":"http:\/\/stanekbrandmeir.flostanek.at\/en\/wp-json\/wp\/v2\/posts\/3622\/revisions\/3625"}],"wp:featuredmedia":[{"embeddable":true,"href":"http:\/\/stanekbrandmeir.flostanek.at\/en\/wp-json\/wp\/v2\/media\/3623"}],"wp:attachment":[{"href":"http:\/\/stanekbrandmeir.flostanek.at\/en\/wp-json\/wp\/v2\/media?parent=3622"}],"wp:term":[{"taxonomy":"category","embeddable":true,"href":"http:\/\/stanekbrandmeir.flostanek.at\/en\/wp-json\/wp\/v2\/categories?post=3622"},{"taxonomy":"post_tag","embeddable":true,"href":"http:\/\/stanekbrandmeir.flostanek.at\/en\/wp-json\/wp\/v2\/tags?post=3622"}],"curies":[{"name":"wp","href":"https:\/\/api.w.org\/{rel}","templated":true}]}}