{"id":3690,"date":"2025-09-30T10:53:00","date_gmt":"2025-09-30T08:53:00","guid":{"rendered":"http:\/\/stanekbrandmeir.flostanek.at\/?p=3690"},"modified":"2026-03-31T10:56:49","modified_gmt":"2026-03-31T08:56:49","slug":"urauffuehrung-monster-das-musical-am-next-liberty-graz","status":"publish","type":"post","link":"http:\/\/stanekbrandmeir.flostanek.at\/en\/2025\/09\/30\/urauffuehrung-monster-das-musical-am-next-liberty-graz\/","title":{"rendered":"Urauff\u00fchrung &#8222;Monster! Das Musical&#8220; am Next Liberty Graz"},"content":{"rendered":"<p>Nach mehreren sch\u00f6nen Auftragswerken f\u00fcr das Next Liberty Kinder- und Jugendtheater in Graz, freuen wir uns, dass nun unser neuestes St\u00fcck herauskommt. <\/p>\n\n\n\n<figure class=\"wp-block-embed is-type-video is-provider-youtube wp-block-embed-youtube wp-embed-aspect-16-9 wp-has-aspect-ratio\"><div class=\"wp-block-embed__wrapper\">\n<div class=\"jetpack-video-wrapper\"><span class=\"embed-youtube\" style=\"text-align:center; display: block;\"><iframe loading=\"lazy\" class=\"youtube-player\" width=\"1140\" height=\"642\" src=\"https:\/\/www.youtube.com\/embed\/dQeCzQDoG8I?version=3&#038;rel=1&#038;showsearch=0&#038;showinfo=1&#038;iv_load_policy=1&#038;fs=1&#038;hl=en-US&#038;autohide=2&#038;wmode=transparent\" allowfullscreen=\"true\" style=\"border:0;\" sandbox=\"allow-scripts allow-same-origin allow-popups allow-presentation allow-popups-to-escape-sandbox\"><\/iframe><\/span><\/div>\n<\/div><\/figure>\n\n\n\n<p><strong>Juhuuu \u2013 Die Monster sind los!<\/strong>\u00a0Und zwar genau dort, wo wir sie immer vermutet haben: unter dem Bett. Aber irgendwie muten sie ganz anders an, als wir sie uns in den k\u00fchnsten (Alb-)Tr\u00e4umen vorgestellt haben: Sie sind f\u00fcrchterlich \u2013 f\u00fcrsorglich! Ungeheuer \u2013 liebenswert!! Und schrecklich verunsichert \u2013 denn obwohl Blinki, Nassie, Brummo und Zappo alles in ihren Monster-M\u00e4chten Stehende versuchen, \u201eihrem\u201c Kind Milu jede Nacht mit Spuk&amp;Tat beizustehen, scheint das in letzter Zeit nicht mehr so richtig zu funktionieren \u2026 Statt achtsames \u00c4ngstigen und \u00fcbernacht\u00fcrliches \u00dcberwinden: friedliches Schlummern. Aber was passiert eigentlich mit Monstern, wenn ein Kind sich nicht mehr vor ihnen f\u00fcrchtet? Vielleicht ist es nach sieben Jahren langsam an der Zeit f\u00fcr Milus Monster, Abschied zu nehmen und weiterzu \u2026 Auf keinen Fall! Um nichts in der Welt wollen sie das \u201ebeste Kind der Welt\u201c und die vertraute Umgebung verlassen. Ob ihnen mithilfe des seltsamen Neuank\u00f6mmlings, der immer vom \u201eAbschiednehmen\u201c und \u201eLoslassen\u201c singt und es sich in der Monster-Wohngemeinschaft unheimlich-heimelig macht, letztendlich ein Licht aufgeht \u2026?<\/p>\n\n\n\n<p>Link: <a href=\"https:\/\/nextliberty.buehnen-graz.com\/stuecke\/monster-das-musical\/\">Next Liberty<\/a><\/p>","protected":false},"excerpt":{"rendered":"<p>Nach mehreren sch\u00f6nen Auftragswerken f\u00fcr das Next Liberty Kinder- und Jugendtheater in Graz, freuen wir uns, dass nun unser neuestes St\u00fcck herauskommt. Juhuuu \u2013 Die Monster sind los!\u00a0Und zwar genau dort, wo wir sie immer vermutet haben: unter dem Bett. Aber irgendwie muten sie ganz anders an, als wir sie uns in den k\u00fchnsten (Alb-)Tr\u00e4umen<\/p>\n<div><a class=\"btn-filled btn\" href=\"http:\/\/stanekbrandmeir.flostanek.at\/en\/2025\/09\/30\/urauffuehrung-monster-das-musical-am-next-liberty-graz\/\" title=\"Urauff\u00fchrung &#8222;Monster! Das Musical&#8220; am Next Liberty Graz\">Read More<\/a><\/div>","protected":false},"author":1,"featured_media":3691,"comment_status":"closed","ping_status":"closed","sticky":false,"template":"","format":"standard","meta":{"_monsterinsights_skip_tracking":false,"_monsterinsights_sitenote_active":false,"_monsterinsights_sitenote_note":"","_monsterinsights_sitenote_category":0,"jetpack_post_was_ever_published":false,"_jetpack_newsletter_access":"","_jetpack_dont_email_post_to_subs":false,"_jetpack_newsletter_tier_id":0,"_jetpack_memberships_contains_paywalled_content":false,"_jetpack_memberships_contains_paid_content":false,"footnotes":"","jetpack_publicize_message":"","jetpack_publicize_feature_enabled":true,"jetpack_social_post_already_shared":true,"jetpack_social_options":{"image_generator_settings":{"template":"highway","default_image_id":0,"font":"","enabled":false},"version":2}},"categories":[162],"tags":[],"class_list":["post-3690","post","type-post","status-publish","format-standard","has-post-thumbnail","hentry","category-auffuehrungen"],"yoast_head":"<!-- This site is optimized with the Yoast SEO plugin v24.9 - https:\/\/yoast.com\/wordpress\/plugins\/seo\/ -->\n<title>Urauff\u00fchrung &quot;Monster! Das Musical&quot; am Next Liberty Graz - STANEK &amp; BRAND<\/title>\n<meta name=\"robots\" content=\"index, follow, max-snippet:-1, max-image-preview:large, max-video-preview:-1\" \/>\n<link rel=\"canonical\" href=\"http:\/\/stanekbrandmeir.flostanek.at\/en\/2025\/09\/30\/urauffuehrung-monster-das-musical-am-next-liberty-graz\/\" \/>\n<meta property=\"og:locale\" content=\"en_US\" \/>\n<meta property=\"og:type\" content=\"article\" \/>\n<meta property=\"og:title\" content=\"Urauff\u00fchrung &quot;Monster! Das Musical&quot; am Next Liberty Graz - STANEK &amp; BRAND\" \/>\n<meta property=\"og:description\" content=\"Nach mehreren sch\u00f6nen Auftragswerken f\u00fcr das Next Liberty Kinder- und Jugendtheater in Graz, freuen wir uns, dass nun unser neuestes St\u00fcck herauskommt. Juhuuu \u2013 Die Monster sind los!\u00a0Und zwar genau dort, wo wir sie immer vermutet haben: unter dem Bett. Aber irgendwie muten sie ganz anders an, als wir sie uns in den k\u00fchnsten (Alb-)Tr\u00e4umenRead More\" \/>\n<meta property=\"og:url\" content=\"http:\/\/stanekbrandmeir.flostanek.at\/en\/2025\/09\/30\/urauffuehrung-monster-das-musical-am-next-liberty-graz\/\" \/>\n<meta property=\"og:site_name\" content=\"STANEK &amp; BRAND\" \/>\n<meta property=\"article:publisher\" content=\"https:\/\/www.facebook.com\/flo.stanek.9\" \/>\n<meta property=\"article:published_time\" content=\"2025-09-30T08:53:00+00:00\" \/>\n<meta property=\"article:modified_time\" content=\"2026-03-31T08:56:49+00:00\" \/>\n<meta property=\"og:image\" content=\"https:\/\/i0.wp.com\/stanekbrandmeir.flostanek.at\/wp-content\/uploads\/2026\/03\/Next-Liberty_MONSTER_198%C2%A9stellaklein.jpeg?fit=1772%2C1181\" \/>\n\t<meta property=\"og:image:width\" content=\"1772\" \/>\n\t<meta property=\"og:image:height\" content=\"1181\" \/>\n\t<meta property=\"og:image:type\" content=\"image\/jpeg\" \/>\n<meta name=\"author\" content=\"stanek&amp;brand\" \/>\n<meta name=\"twitter:card\" content=\"summary_large_image\" \/>\n<meta name=\"twitter:label1\" content=\"Written by\" \/>\n\t<meta name=\"twitter:data1\" content=\"stanek&amp;brand\" \/>\n\t<meta name=\"twitter:label2\" content=\"Est. reading time\" \/>\n\t<meta name=\"twitter:data2\" content=\"2 minutes\" \/>\n<script type=\"application\/ld+json\" class=\"yoast-schema-graph\">{\"@context\":\"https:\/\/schema.org\",\"@graph\":[{\"@type\":\"WebPage\",\"@id\":\"http:\/\/stanekbrandmeir.flostanek.at\/2025\/09\/30\/urauffuehrung-monster-das-musical-am-next-liberty-graz\/\",\"url\":\"http:\/\/stanekbrandmeir.flostanek.at\/2025\/09\/30\/urauffuehrung-monster-das-musical-am-next-liberty-graz\/\",\"name\":\"Urauff\u00fchrung \\\"Monster! Das Musical\\\" am Next Liberty Graz - STANEK &amp; BRAND\",\"isPartOf\":{\"@id\":\"http:\/\/stanekbrandmeir.flostanek.at\/#website\"},\"primaryImageOfPage\":{\"@id\":\"http:\/\/stanekbrandmeir.flostanek.at\/2025\/09\/30\/urauffuehrung-monster-das-musical-am-next-liberty-graz\/#primaryimage\"},\"image\":{\"@id\":\"http:\/\/stanekbrandmeir.flostanek.at\/2025\/09\/30\/urauffuehrung-monster-das-musical-am-next-liberty-graz\/#primaryimage\"},\"thumbnailUrl\":\"https:\/\/i0.wp.com\/stanekbrandmeir.flostanek.at\/wp-content\/uploads\/2026\/03\/Next-Liberty_MONSTER_198%C2%A9stellaklein.jpeg?fit=1772%2C1181\",\"datePublished\":\"2025-09-30T08:53:00+00:00\",\"dateModified\":\"2026-03-31T08:56:49+00:00\",\"author\":{\"@id\":\"http:\/\/stanekbrandmeir.flostanek.at\/#\/schema\/person\/ed10b2c11bf4d1aa71d8e7f85c558ae9\"},\"breadcrumb\":{\"@id\":\"http:\/\/stanekbrandmeir.flostanek.at\/2025\/09\/30\/urauffuehrung-monster-das-musical-am-next-liberty-graz\/#breadcrumb\"},\"inLanguage\":\"en-US\",\"potentialAction\":[{\"@type\":\"ReadAction\",\"target\":[\"http:\/\/stanekbrandmeir.flostanek.at\/2025\/09\/30\/urauffuehrung-monster-das-musical-am-next-liberty-graz\/\"]}]},{\"@type\":\"ImageObject\",\"inLanguage\":\"en-US\",\"@id\":\"http:\/\/stanekbrandmeir.flostanek.at\/2025\/09\/30\/urauffuehrung-monster-das-musical-am-next-liberty-graz\/#primaryimage\",\"url\":\"https:\/\/i0.wp.com\/stanekbrandmeir.flostanek.at\/wp-content\/uploads\/2026\/03\/Next-Liberty_MONSTER_198%C2%A9stellaklein.jpeg?fit=1772%2C1181\",\"contentUrl\":\"https:\/\/i0.wp.com\/stanekbrandmeir.flostanek.at\/wp-content\/uploads\/2026\/03\/Next-Liberty_MONSTER_198%C2%A9stellaklein.jpeg?fit=1772%2C1181\",\"width\":1772,\"height\":1181},{\"@type\":\"BreadcrumbList\",\"@id\":\"http:\/\/stanekbrandmeir.flostanek.at\/2025\/09\/30\/urauffuehrung-monster-das-musical-am-next-liberty-graz\/#breadcrumb\",\"itemListElement\":[{\"@type\":\"ListItem\",\"position\":1,\"name\":\"Home\",\"item\":\"http:\/\/stanekbrandmeir.flostanek.at\/\"},{\"@type\":\"ListItem\",\"position\":2,\"name\":\"Urauff\u00fchrung &#8222;Monster! Das Musical&#8220; am Next Liberty Graz\"}]},{\"@type\":\"WebSite\",\"@id\":\"http:\/\/stanekbrandmeir.flostanek.at\/#website\",\"url\":\"http:\/\/stanekbrandmeir.flostanek.at\/\",\"name\":\"STANEK &amp; BRAND\",\"description\":\"Autoren f\u00fcr Musiktheater\",\"potentialAction\":[{\"@type\":\"SearchAction\",\"target\":{\"@type\":\"EntryPoint\",\"urlTemplate\":\"http:\/\/stanekbrandmeir.flostanek.at\/?s={search_term_string}\"},\"query-input\":{\"@type\":\"PropertyValueSpecification\",\"valueRequired\":true,\"valueName\":\"search_term_string\"}}],\"inLanguage\":\"en-US\"},{\"@type\":\"Person\",\"@id\":\"http:\/\/stanekbrandmeir.flostanek.at\/#\/schema\/person\/ed10b2c11bf4d1aa71d8e7f85c558ae9\",\"name\":\"stanek&amp;brand\",\"image\":{\"@type\":\"ImageObject\",\"inLanguage\":\"en-US\",\"@id\":\"http:\/\/stanekbrandmeir.flostanek.at\/#\/schema\/person\/image\/\",\"url\":\"https:\/\/secure.gravatar.com\/avatar\/1f8d3f0f502b0554de51becc286028fbaa6fa73d7869b795403d0ffd44d18292?s=96&d=mm&r=g\",\"contentUrl\":\"https:\/\/secure.gravatar.com\/avatar\/1f8d3f0f502b0554de51becc286028fbaa6fa73d7869b795403d0ffd44d18292?s=96&d=mm&r=g\",\"caption\":\"stanek&amp;brand\"},\"sameAs\":[\"http:\/\/www.stanekbrand.com\",\"https:\/\/www.youtube.com\/channel\/UClCJi4gMgAhHMA57xPyiCSQ\",\"https:\/\/de.wikipedia.org\/wiki\/Florian_Stanek\"],\"url\":\"http:\/\/stanekbrandmeir.flostanek.at\/en\/author\/stanekbrandmeir\/\"}]}<\/script>\n<!-- \/ Yoast SEO plugin. -->","yoast_head_json":{"title":"Urauff\u00fchrung \"Monster! Das Musical\" am Next Liberty Graz - STANEK &amp; BRAND","robots":{"index":"index","follow":"follow","max-snippet":"max-snippet:-1","max-image-preview":"max-image-preview:large","max-video-preview":"max-video-preview:-1"},"canonical":"http:\/\/stanekbrandmeir.flostanek.at\/en\/2025\/09\/30\/urauffuehrung-monster-das-musical-am-next-liberty-graz\/","og_locale":"en_US","og_type":"article","og_title":"Urauff\u00fchrung \"Monster! Das Musical\" am Next Liberty Graz - STANEK &amp; BRAND","og_description":"Nach mehreren sch\u00f6nen Auftragswerken f\u00fcr das Next Liberty Kinder- und Jugendtheater in Graz, freuen wir uns, dass nun unser neuestes St\u00fcck herauskommt. Juhuuu \u2013 Die Monster sind los!\u00a0Und zwar genau dort, wo wir sie immer vermutet haben: unter dem Bett. Aber irgendwie muten sie ganz anders an, als wir sie uns in den k\u00fchnsten (Alb-)Tr\u00e4umenRead More","og_url":"http:\/\/stanekbrandmeir.flostanek.at\/en\/2025\/09\/30\/urauffuehrung-monster-das-musical-am-next-liberty-graz\/","og_site_name":"STANEK &amp; BRAND","article_publisher":"https:\/\/www.facebook.com\/flo.stanek.9","article_published_time":"2025-09-30T08:53:00+00:00","article_modified_time":"2026-03-31T08:56:49+00:00","og_image":[{"width":1772,"height":1181,"url":"https:\/\/i0.wp.com\/stanekbrandmeir.flostanek.at\/wp-content\/uploads\/2026\/03\/Next-Liberty_MONSTER_198%C2%A9stellaklein.jpeg?fit=1772%2C1181","type":"image\/jpeg"}],"author":"stanek&amp;brand","twitter_card":"summary_large_image","twitter_misc":{"Written by":"stanek&amp;brand","Est. reading time":"2 minutes"},"schema":{"@context":"https:\/\/schema.org","@graph":[{"@type":"WebPage","@id":"http:\/\/stanekbrandmeir.flostanek.at\/2025\/09\/30\/urauffuehrung-monster-das-musical-am-next-liberty-graz\/","url":"http:\/\/stanekbrandmeir.flostanek.at\/2025\/09\/30\/urauffuehrung-monster-das-musical-am-next-liberty-graz\/","name":"Urauff\u00fchrung \"Monster! Das Musical\" am Next Liberty Graz - STANEK &amp; BRAND","isPartOf":{"@id":"http:\/\/stanekbrandmeir.flostanek.at\/#website"},"primaryImageOfPage":{"@id":"http:\/\/stanekbrandmeir.flostanek.at\/2025\/09\/30\/urauffuehrung-monster-das-musical-am-next-liberty-graz\/#primaryimage"},"image":{"@id":"http:\/\/stanekbrandmeir.flostanek.at\/2025\/09\/30\/urauffuehrung-monster-das-musical-am-next-liberty-graz\/#primaryimage"},"thumbnailUrl":"https:\/\/i0.wp.com\/stanekbrandmeir.flostanek.at\/wp-content\/uploads\/2026\/03\/Next-Liberty_MONSTER_198%C2%A9stellaklein.jpeg?fit=1772%2C1181","datePublished":"2025-09-30T08:53:00+00:00","dateModified":"2026-03-31T08:56:49+00:00","author":{"@id":"http:\/\/stanekbrandmeir.flostanek.at\/#\/schema\/person\/ed10b2c11bf4d1aa71d8e7f85c558ae9"},"breadcrumb":{"@id":"http:\/\/stanekbrandmeir.flostanek.at\/2025\/09\/30\/urauffuehrung-monster-das-musical-am-next-liberty-graz\/#breadcrumb"},"inLanguage":"en-US","potentialAction":[{"@type":"ReadAction","target":["http:\/\/stanekbrandmeir.flostanek.at\/2025\/09\/30\/urauffuehrung-monster-das-musical-am-next-liberty-graz\/"]}]},{"@type":"ImageObject","inLanguage":"en-US","@id":"http:\/\/stanekbrandmeir.flostanek.at\/2025\/09\/30\/urauffuehrung-monster-das-musical-am-next-liberty-graz\/#primaryimage","url":"https:\/\/i0.wp.com\/stanekbrandmeir.flostanek.at\/wp-content\/uploads\/2026\/03\/Next-Liberty_MONSTER_198%C2%A9stellaklein.jpeg?fit=1772%2C1181","contentUrl":"https:\/\/i0.wp.com\/stanekbrandmeir.flostanek.at\/wp-content\/uploads\/2026\/03\/Next-Liberty_MONSTER_198%C2%A9stellaklein.jpeg?fit=1772%2C1181","width":1772,"height":1181},{"@type":"BreadcrumbList","@id":"http:\/\/stanekbrandmeir.flostanek.at\/2025\/09\/30\/urauffuehrung-monster-das-musical-am-next-liberty-graz\/#breadcrumb","itemListElement":[{"@type":"ListItem","position":1,"name":"Home","item":"http:\/\/stanekbrandmeir.flostanek.at\/"},{"@type":"ListItem","position":2,"name":"Urauff\u00fchrung &#8222;Monster! Das Musical&#8220; am Next Liberty Graz"}]},{"@type":"WebSite","@id":"http:\/\/stanekbrandmeir.flostanek.at\/#website","url":"http:\/\/stanekbrandmeir.flostanek.at\/","name":"STANEK &amp; BRAND","description":"Authors for musical theatre","potentialAction":[{"@type":"SearchAction","target":{"@type":"EntryPoint","urlTemplate":"http:\/\/stanekbrandmeir.flostanek.at\/?s={search_term_string}"},"query-input":{"@type":"PropertyValueSpecification","valueRequired":true,"valueName":"search_term_string"}}],"inLanguage":"en-US"},{"@type":"Person","@id":"http:\/\/stanekbrandmeir.flostanek.at\/#\/schema\/person\/ed10b2c11bf4d1aa71d8e7f85c558ae9","name":"stanek&amp;brand","image":{"@type":"ImageObject","inLanguage":"en-US","@id":"http:\/\/stanekbrandmeir.flostanek.at\/#\/schema\/person\/image\/","url":"https:\/\/secure.gravatar.com\/avatar\/1f8d3f0f502b0554de51becc286028fbaa6fa73d7869b795403d0ffd44d18292?s=96&d=mm&r=g","contentUrl":"https:\/\/secure.gravatar.com\/avatar\/1f8d3f0f502b0554de51becc286028fbaa6fa73d7869b795403d0ffd44d18292?s=96&d=mm&r=g","caption":"stanek&amp;brand"},"sameAs":["http:\/\/www.stanekbrand.com","https:\/\/www.youtube.com\/channel\/UClCJi4gMgAhHMA57xPyiCSQ","https:\/\/de.wikipedia.org\/wiki\/Florian_Stanek"],"url":"http:\/\/stanekbrandmeir.flostanek.at\/en\/author\/stanekbrandmeir\/"}]}},"jetpack_publicize_connections":[],"jetpack_featured_media_url":"https:\/\/i0.wp.com\/stanekbrandmeir.flostanek.at\/wp-content\/uploads\/2026\/03\/Next-Liberty_MONSTER_198%C2%A9stellaklein.jpeg?fit=1772%2C1181","jetpack_sharing_enabled":true,"jetpack_shortlink":"https:\/\/wp.me\/p9GkQl-Xw","jetpack_likes_enabled":true,"_links":{"self":[{"href":"http:\/\/stanekbrandmeir.flostanek.at\/en\/wp-json\/wp\/v2\/posts\/3690","targetHints":{"allow":["GET"]}}],"collection":[{"href":"http:\/\/stanekbrandmeir.flostanek.at\/en\/wp-json\/wp\/v2\/posts"}],"about":[{"href":"http:\/\/stanekbrandmeir.flostanek.at\/en\/wp-json\/wp\/v2\/types\/post"}],"author":[{"embeddable":true,"href":"http:\/\/stanekbrandmeir.flostanek.at\/en\/wp-json\/wp\/v2\/users\/1"}],"replies":[{"embeddable":true,"href":"http:\/\/stanekbrandmeir.flostanek.at\/en\/wp-json\/wp\/v2\/comments?post=3690"}],"version-history":[{"count":1,"href":"http:\/\/stanekbrandmeir.flostanek.at\/en\/wp-json\/wp\/v2\/posts\/3690\/revisions"}],"predecessor-version":[{"id":3692,"href":"http:\/\/stanekbrandmeir.flostanek.at\/en\/wp-json\/wp\/v2\/posts\/3690\/revisions\/3692"}],"wp:featuredmedia":[{"embeddable":true,"href":"http:\/\/stanekbrandmeir.flostanek.at\/en\/wp-json\/wp\/v2\/media\/3691"}],"wp:attachment":[{"href":"http:\/\/stanekbrandmeir.flostanek.at\/en\/wp-json\/wp\/v2\/media?parent=3690"}],"wp:term":[{"taxonomy":"category","embeddable":true,"href":"http:\/\/stanekbrandmeir.flostanek.at\/en\/wp-json\/wp\/v2\/categories?post=3690"},{"taxonomy":"post_tag","embeddable":true,"href":"http:\/\/stanekbrandmeir.flostanek.at\/en\/wp-json\/wp\/v2\/tags?post=3690"}],"curies":[{"name":"wp","href":"https:\/\/api.w.org\/{rel}","templated":true}]}}