{"id":3697,"date":"2025-03-31T11:02:00","date_gmt":"2025-03-31T09:02:00","guid":{"rendered":"http:\/\/stanekbrandmeir.flostanek.at\/?p=3697"},"modified":"2026-03-31T11:05:50","modified_gmt":"2026-03-31T09:05:50","slug":"oesterreichische-erstauffuehrung-der-eingebildete-kranke-das-musical","status":"publish","type":"post","link":"http:\/\/stanekbrandmeir.flostanek.at\/en\/2025\/03\/31\/oesterreichische-erstauffuehrung-der-eingebildete-kranke-das-musical\/","title":{"rendered":"\u00d6sterreichische Erstauff\u00fchrung &#8222;Der eingebildete Kranke&#8220;"},"content":{"rendered":"<p>Wir freuen uns, dass das Theater 82er Haus in Kooperation mit der Tschauner B\u00fchne Wien die \u00f6sterreichische Erstauff\u00fchrung unseres Musicals &#8222;Der Eingebildete Kranke&#8220; abhalten wird.<\/p>\n\n\n\n<p>Regie &amp; Musikalische Leitung: Markus Richter<br>Choreografie: Rita Sereinig<br>B\u00fchnenbild: Petra Fibich-Patzelt<br>Kost\u00fcmbild: Barbara Langbein und Anatol Rieger<br>Regieassistenz: Rebekka Utesch<br>Es spielen:<br>Sascha Ahrens |Sarah Baum | Alexander Mikliss |Martin Oberhauser<br>Marina Petkov | Markus Richter |Ilvy Schultschik | Anja \u0160truc<\/p>","protected":false},"excerpt":{"rendered":"<p>Wir freuen uns, dass das Theater 82er Haus in Kooperation mit der Tschauner B\u00fchne Wien die \u00f6sterreichische Erstauff\u00fchrung unseres Musicals &#8222;Der Eingebildete Kranke&#8220; abhalten wird. Regie &amp; Musikalische Leitung: Markus RichterChoreografie: Rita SereinigB\u00fchnenbild: Petra Fibich-PatzeltKost\u00fcmbild: Barbara Langbein und Anatol RiegerRegieassistenz: Rebekka UteschEs spielen:Sascha Ahrens |Sarah Baum | Alexander Mikliss |Martin OberhauserMarina Petkov | Markus Richter<\/p>\n<div><a class=\"btn-filled btn\" href=\"http:\/\/stanekbrandmeir.flostanek.at\/en\/2025\/03\/31\/oesterreichische-erstauffuehrung-der-eingebildete-kranke-das-musical\/\" title=\"\u00d6sterreichische Erstauff\u00fchrung &#8222;Der eingebildete Kranke&#8220;\">Read More<\/a><\/div>","protected":false},"author":1,"featured_media":3698,"comment_status":"closed","ping_status":"closed","sticky":false,"template":"","format":"standard","meta":{"_monsterinsights_skip_tracking":false,"_monsterinsights_sitenote_active":false,"_monsterinsights_sitenote_note":"","_monsterinsights_sitenote_category":0,"jetpack_post_was_ever_published":false,"_jetpack_newsletter_access":"","_jetpack_dont_email_post_to_subs":false,"_jetpack_newsletter_tier_id":0,"_jetpack_memberships_contains_paywalled_content":false,"_jetpack_memberships_contains_paid_content":false,"footnotes":"","jetpack_publicize_message":"","jetpack_publicize_feature_enabled":true,"jetpack_social_post_already_shared":true,"jetpack_social_options":{"image_generator_settings":{"template":"highway","default_image_id":0,"font":"","enabled":false},"version":2}},"categories":[162],"tags":[],"class_list":["post-3697","post","type-post","status-publish","format-standard","has-post-thumbnail","hentry","category-auffuehrungen"],"yoast_head":"<!-- This site is optimized with the Yoast SEO plugin v24.9 - https:\/\/yoast.com\/wordpress\/plugins\/seo\/ -->\n<title>\u00d6sterreichische Erstauff\u00fchrung &quot;Der eingebildete Kranke&quot; - STANEK &amp; BRAND<\/title>\n<meta name=\"robots\" content=\"index, follow, max-snippet:-1, max-image-preview:large, max-video-preview:-1\" \/>\n<link rel=\"canonical\" href=\"http:\/\/stanekbrandmeir.flostanek.at\/en\/2025\/03\/31\/oesterreichische-erstauffuehrung-der-eingebildete-kranke-das-musical\/\" \/>\n<meta property=\"og:locale\" content=\"en_US\" \/>\n<meta property=\"og:type\" content=\"article\" \/>\n<meta property=\"og:title\" content=\"\u00d6sterreichische Erstauff\u00fchrung &quot;Der eingebildete Kranke&quot; - STANEK &amp; BRAND\" \/>\n<meta property=\"og:description\" content=\"Wir freuen uns, dass das Theater 82er Haus in Kooperation mit der Tschauner B\u00fchne Wien die \u00f6sterreichische Erstauff\u00fchrung unseres Musicals &#8222;Der Eingebildete Kranke&#8220; abhalten wird. Regie &amp; Musikalische Leitung: Markus RichterChoreografie: Rita SereinigB\u00fchnenbild: Petra Fibich-PatzeltKost\u00fcmbild: Barbara Langbein und Anatol RiegerRegieassistenz: Rebekka UteschEs spielen:Sascha Ahrens |Sarah Baum | Alexander Mikliss |Martin OberhauserMarina Petkov | Markus RichterRead More\" \/>\n<meta property=\"og:url\" content=\"http:\/\/stanekbrandmeir.flostanek.at\/en\/2025\/03\/31\/oesterreichische-erstauffuehrung-der-eingebildete-kranke-das-musical\/\" \/>\n<meta property=\"og:site_name\" content=\"STANEK &amp; BRAND\" \/>\n<meta property=\"article:publisher\" content=\"https:\/\/www.facebook.com\/flo.stanek.9\" \/>\n<meta property=\"article:published_time\" content=\"2025-03-31T09:02:00+00:00\" \/>\n<meta property=\"article:modified_time\" content=\"2026-03-31T09:05:50+00:00\" \/>\n<meta property=\"og:image\" content=\"https:\/\/i0.wp.com\/stanekbrandmeir.flostanek.at\/wp-content\/uploads\/2026\/03\/csm_Der_eingebildete_Kranke_PLAKAT-Presse_559ca267a4.jpg?fit=500%2C500\" \/>\n\t<meta property=\"og:image:width\" content=\"500\" \/>\n\t<meta property=\"og:image:height\" content=\"500\" \/>\n\t<meta property=\"og:image:type\" content=\"image\/jpeg\" \/>\n<meta name=\"author\" content=\"stanek&amp;brand\" \/>\n<meta name=\"twitter:card\" content=\"summary_large_image\" \/>\n<meta name=\"twitter:label1\" content=\"Written by\" \/>\n\t<meta name=\"twitter:data1\" content=\"stanek&amp;brand\" \/>\n\t<meta name=\"twitter:label2\" content=\"Est. reading time\" \/>\n\t<meta name=\"twitter:data2\" content=\"1 minute\" \/>\n<script type=\"application\/ld+json\" class=\"yoast-schema-graph\">{\"@context\":\"https:\/\/schema.org\",\"@graph\":[{\"@type\":\"WebPage\",\"@id\":\"http:\/\/stanekbrandmeir.flostanek.at\/2025\/03\/31\/oesterreichische-erstauffuehrung-der-eingebildete-kranke-das-musical\/\",\"url\":\"http:\/\/stanekbrandmeir.flostanek.at\/2025\/03\/31\/oesterreichische-erstauffuehrung-der-eingebildete-kranke-das-musical\/\",\"name\":\"\u00d6sterreichische Erstauff\u00fchrung \\\"Der eingebildete Kranke\\\" - STANEK &amp; BRAND\",\"isPartOf\":{\"@id\":\"http:\/\/stanekbrandmeir.flostanek.at\/#website\"},\"primaryImageOfPage\":{\"@id\":\"http:\/\/stanekbrandmeir.flostanek.at\/2025\/03\/31\/oesterreichische-erstauffuehrung-der-eingebildete-kranke-das-musical\/#primaryimage\"},\"image\":{\"@id\":\"http:\/\/stanekbrandmeir.flostanek.at\/2025\/03\/31\/oesterreichische-erstauffuehrung-der-eingebildete-kranke-das-musical\/#primaryimage\"},\"thumbnailUrl\":\"https:\/\/i0.wp.com\/stanekbrandmeir.flostanek.at\/wp-content\/uploads\/2026\/03\/csm_Der_eingebildete_Kranke_PLAKAT-Presse_559ca267a4.jpg?fit=500%2C500\",\"datePublished\":\"2025-03-31T09:02:00+00:00\",\"dateModified\":\"2026-03-31T09:05:50+00:00\",\"author\":{\"@id\":\"http:\/\/stanekbrandmeir.flostanek.at\/#\/schema\/person\/ed10b2c11bf4d1aa71d8e7f85c558ae9\"},\"breadcrumb\":{\"@id\":\"http:\/\/stanekbrandmeir.flostanek.at\/2025\/03\/31\/oesterreichische-erstauffuehrung-der-eingebildete-kranke-das-musical\/#breadcrumb\"},\"inLanguage\":\"en-US\",\"potentialAction\":[{\"@type\":\"ReadAction\",\"target\":[\"http:\/\/stanekbrandmeir.flostanek.at\/2025\/03\/31\/oesterreichische-erstauffuehrung-der-eingebildete-kranke-das-musical\/\"]}]},{\"@type\":\"ImageObject\",\"inLanguage\":\"en-US\",\"@id\":\"http:\/\/stanekbrandmeir.flostanek.at\/2025\/03\/31\/oesterreichische-erstauffuehrung-der-eingebildete-kranke-das-musical\/#primaryimage\",\"url\":\"https:\/\/i0.wp.com\/stanekbrandmeir.flostanek.at\/wp-content\/uploads\/2026\/03\/csm_Der_eingebildete_Kranke_PLAKAT-Presse_559ca267a4.jpg?fit=500%2C500\",\"contentUrl\":\"https:\/\/i0.wp.com\/stanekbrandmeir.flostanek.at\/wp-content\/uploads\/2026\/03\/csm_Der_eingebildete_Kranke_PLAKAT-Presse_559ca267a4.jpg?fit=500%2C500\",\"width\":500,\"height\":500},{\"@type\":\"BreadcrumbList\",\"@id\":\"http:\/\/stanekbrandmeir.flostanek.at\/2025\/03\/31\/oesterreichische-erstauffuehrung-der-eingebildete-kranke-das-musical\/#breadcrumb\",\"itemListElement\":[{\"@type\":\"ListItem\",\"position\":1,\"name\":\"Home\",\"item\":\"http:\/\/stanekbrandmeir.flostanek.at\/\"},{\"@type\":\"ListItem\",\"position\":2,\"name\":\"\u00d6sterreichische Erstauff\u00fchrung &#8222;Der eingebildete Kranke&#8220;\"}]},{\"@type\":\"WebSite\",\"@id\":\"http:\/\/stanekbrandmeir.flostanek.at\/#website\",\"url\":\"http:\/\/stanekbrandmeir.flostanek.at\/\",\"name\":\"STANEK &amp; BRAND\",\"description\":\"Autoren f\u00fcr Musiktheater\",\"potentialAction\":[{\"@type\":\"SearchAction\",\"target\":{\"@type\":\"EntryPoint\",\"urlTemplate\":\"http:\/\/stanekbrandmeir.flostanek.at\/?s={search_term_string}\"},\"query-input\":{\"@type\":\"PropertyValueSpecification\",\"valueRequired\":true,\"valueName\":\"search_term_string\"}}],\"inLanguage\":\"en-US\"},{\"@type\":\"Person\",\"@id\":\"http:\/\/stanekbrandmeir.flostanek.at\/#\/schema\/person\/ed10b2c11bf4d1aa71d8e7f85c558ae9\",\"name\":\"stanek&amp;brand\",\"image\":{\"@type\":\"ImageObject\",\"inLanguage\":\"en-US\",\"@id\":\"http:\/\/stanekbrandmeir.flostanek.at\/#\/schema\/person\/image\/\",\"url\":\"https:\/\/secure.gravatar.com\/avatar\/1f8d3f0f502b0554de51becc286028fbaa6fa73d7869b795403d0ffd44d18292?s=96&d=mm&r=g\",\"contentUrl\":\"https:\/\/secure.gravatar.com\/avatar\/1f8d3f0f502b0554de51becc286028fbaa6fa73d7869b795403d0ffd44d18292?s=96&d=mm&r=g\",\"caption\":\"stanek&amp;brand\"},\"sameAs\":[\"http:\/\/www.stanekbrand.com\",\"https:\/\/www.youtube.com\/channel\/UClCJi4gMgAhHMA57xPyiCSQ\",\"https:\/\/de.wikipedia.org\/wiki\/Florian_Stanek\"],\"url\":\"http:\/\/stanekbrandmeir.flostanek.at\/en\/author\/stanekbrandmeir\/\"}]}<\/script>\n<!-- \/ Yoast SEO plugin. -->","yoast_head_json":{"title":"\u00d6sterreichische Erstauff\u00fchrung \"Der eingebildete Kranke\" - STANEK &amp; BRAND","robots":{"index":"index","follow":"follow","max-snippet":"max-snippet:-1","max-image-preview":"max-image-preview:large","max-video-preview":"max-video-preview:-1"},"canonical":"http:\/\/stanekbrandmeir.flostanek.at\/en\/2025\/03\/31\/oesterreichische-erstauffuehrung-der-eingebildete-kranke-das-musical\/","og_locale":"en_US","og_type":"article","og_title":"\u00d6sterreichische Erstauff\u00fchrung \"Der eingebildete Kranke\" - STANEK &amp; BRAND","og_description":"Wir freuen uns, dass das Theater 82er Haus in Kooperation mit der Tschauner B\u00fchne Wien die \u00f6sterreichische Erstauff\u00fchrung unseres Musicals &#8222;Der Eingebildete Kranke&#8220; abhalten wird. Regie &amp; Musikalische Leitung: Markus RichterChoreografie: Rita SereinigB\u00fchnenbild: Petra Fibich-PatzeltKost\u00fcmbild: Barbara Langbein und Anatol RiegerRegieassistenz: Rebekka UteschEs spielen:Sascha Ahrens |Sarah Baum | Alexander Mikliss |Martin OberhauserMarina Petkov | Markus RichterRead More","og_url":"http:\/\/stanekbrandmeir.flostanek.at\/en\/2025\/03\/31\/oesterreichische-erstauffuehrung-der-eingebildete-kranke-das-musical\/","og_site_name":"STANEK &amp; BRAND","article_publisher":"https:\/\/www.facebook.com\/flo.stanek.9","article_published_time":"2025-03-31T09:02:00+00:00","article_modified_time":"2026-03-31T09:05:50+00:00","og_image":[{"width":500,"height":500,"url":"https:\/\/i0.wp.com\/stanekbrandmeir.flostanek.at\/wp-content\/uploads\/2026\/03\/csm_Der_eingebildete_Kranke_PLAKAT-Presse_559ca267a4.jpg?fit=500%2C500","type":"image\/jpeg"}],"author":"stanek&amp;brand","twitter_card":"summary_large_image","twitter_misc":{"Written by":"stanek&amp;brand","Est. reading time":"1 minute"},"schema":{"@context":"https:\/\/schema.org","@graph":[{"@type":"WebPage","@id":"http:\/\/stanekbrandmeir.flostanek.at\/2025\/03\/31\/oesterreichische-erstauffuehrung-der-eingebildete-kranke-das-musical\/","url":"http:\/\/stanekbrandmeir.flostanek.at\/2025\/03\/31\/oesterreichische-erstauffuehrung-der-eingebildete-kranke-das-musical\/","name":"\u00d6sterreichische Erstauff\u00fchrung \"Der eingebildete Kranke\" - STANEK &amp; BRAND","isPartOf":{"@id":"http:\/\/stanekbrandmeir.flostanek.at\/#website"},"primaryImageOfPage":{"@id":"http:\/\/stanekbrandmeir.flostanek.at\/2025\/03\/31\/oesterreichische-erstauffuehrung-der-eingebildete-kranke-das-musical\/#primaryimage"},"image":{"@id":"http:\/\/stanekbrandmeir.flostanek.at\/2025\/03\/31\/oesterreichische-erstauffuehrung-der-eingebildete-kranke-das-musical\/#primaryimage"},"thumbnailUrl":"https:\/\/i0.wp.com\/stanekbrandmeir.flostanek.at\/wp-content\/uploads\/2026\/03\/csm_Der_eingebildete_Kranke_PLAKAT-Presse_559ca267a4.jpg?fit=500%2C500","datePublished":"2025-03-31T09:02:00+00:00","dateModified":"2026-03-31T09:05:50+00:00","author":{"@id":"http:\/\/stanekbrandmeir.flostanek.at\/#\/schema\/person\/ed10b2c11bf4d1aa71d8e7f85c558ae9"},"breadcrumb":{"@id":"http:\/\/stanekbrandmeir.flostanek.at\/2025\/03\/31\/oesterreichische-erstauffuehrung-der-eingebildete-kranke-das-musical\/#breadcrumb"},"inLanguage":"en-US","potentialAction":[{"@type":"ReadAction","target":["http:\/\/stanekbrandmeir.flostanek.at\/2025\/03\/31\/oesterreichische-erstauffuehrung-der-eingebildete-kranke-das-musical\/"]}]},{"@type":"ImageObject","inLanguage":"en-US","@id":"http:\/\/stanekbrandmeir.flostanek.at\/2025\/03\/31\/oesterreichische-erstauffuehrung-der-eingebildete-kranke-das-musical\/#primaryimage","url":"https:\/\/i0.wp.com\/stanekbrandmeir.flostanek.at\/wp-content\/uploads\/2026\/03\/csm_Der_eingebildete_Kranke_PLAKAT-Presse_559ca267a4.jpg?fit=500%2C500","contentUrl":"https:\/\/i0.wp.com\/stanekbrandmeir.flostanek.at\/wp-content\/uploads\/2026\/03\/csm_Der_eingebildete_Kranke_PLAKAT-Presse_559ca267a4.jpg?fit=500%2C500","width":500,"height":500},{"@type":"BreadcrumbList","@id":"http:\/\/stanekbrandmeir.flostanek.at\/2025\/03\/31\/oesterreichische-erstauffuehrung-der-eingebildete-kranke-das-musical\/#breadcrumb","itemListElement":[{"@type":"ListItem","position":1,"name":"Home","item":"http:\/\/stanekbrandmeir.flostanek.at\/"},{"@type":"ListItem","position":2,"name":"\u00d6sterreichische Erstauff\u00fchrung &#8222;Der eingebildete Kranke&#8220;"}]},{"@type":"WebSite","@id":"http:\/\/stanekbrandmeir.flostanek.at\/#website","url":"http:\/\/stanekbrandmeir.flostanek.at\/","name":"STANEK &amp; BRAND","description":"Authors for musical theatre","potentialAction":[{"@type":"SearchAction","target":{"@type":"EntryPoint","urlTemplate":"http:\/\/stanekbrandmeir.flostanek.at\/?s={search_term_string}"},"query-input":{"@type":"PropertyValueSpecification","valueRequired":true,"valueName":"search_term_string"}}],"inLanguage":"en-US"},{"@type":"Person","@id":"http:\/\/stanekbrandmeir.flostanek.at\/#\/schema\/person\/ed10b2c11bf4d1aa71d8e7f85c558ae9","name":"stanek&amp;brand","image":{"@type":"ImageObject","inLanguage":"en-US","@id":"http:\/\/stanekbrandmeir.flostanek.at\/#\/schema\/person\/image\/","url":"https:\/\/secure.gravatar.com\/avatar\/1f8d3f0f502b0554de51becc286028fbaa6fa73d7869b795403d0ffd44d18292?s=96&d=mm&r=g","contentUrl":"https:\/\/secure.gravatar.com\/avatar\/1f8d3f0f502b0554de51becc286028fbaa6fa73d7869b795403d0ffd44d18292?s=96&d=mm&r=g","caption":"stanek&amp;brand"},"sameAs":["http:\/\/www.stanekbrand.com","https:\/\/www.youtube.com\/channel\/UClCJi4gMgAhHMA57xPyiCSQ","https:\/\/de.wikipedia.org\/wiki\/Florian_Stanek"],"url":"http:\/\/stanekbrandmeir.flostanek.at\/en\/author\/stanekbrandmeir\/"}]}},"jetpack_publicize_connections":[],"jetpack_featured_media_url":"https:\/\/i0.wp.com\/stanekbrandmeir.flostanek.at\/wp-content\/uploads\/2026\/03\/csm_Der_eingebildete_Kranke_PLAKAT-Presse_559ca267a4.jpg?fit=500%2C500","jetpack_sharing_enabled":true,"jetpack_shortlink":"https:\/\/wp.me\/p9GkQl-XD","jetpack_likes_enabled":true,"_links":{"self":[{"href":"http:\/\/stanekbrandmeir.flostanek.at\/en\/wp-json\/wp\/v2\/posts\/3697","targetHints":{"allow":["GET"]}}],"collection":[{"href":"http:\/\/stanekbrandmeir.flostanek.at\/en\/wp-json\/wp\/v2\/posts"}],"about":[{"href":"http:\/\/stanekbrandmeir.flostanek.at\/en\/wp-json\/wp\/v2\/types\/post"}],"author":[{"embeddable":true,"href":"http:\/\/stanekbrandmeir.flostanek.at\/en\/wp-json\/wp\/v2\/users\/1"}],"replies":[{"embeddable":true,"href":"http:\/\/stanekbrandmeir.flostanek.at\/en\/wp-json\/wp\/v2\/comments?post=3697"}],"version-history":[{"count":2,"href":"http:\/\/stanekbrandmeir.flostanek.at\/en\/wp-json\/wp\/v2\/posts\/3697\/revisions"}],"predecessor-version":[{"id":3700,"href":"http:\/\/stanekbrandmeir.flostanek.at\/en\/wp-json\/wp\/v2\/posts\/3697\/revisions\/3700"}],"wp:featuredmedia":[{"embeddable":true,"href":"http:\/\/stanekbrandmeir.flostanek.at\/en\/wp-json\/wp\/v2\/media\/3698"}],"wp:attachment":[{"href":"http:\/\/stanekbrandmeir.flostanek.at\/en\/wp-json\/wp\/v2\/media?parent=3697"}],"wp:term":[{"taxonomy":"category","embeddable":true,"href":"http:\/\/stanekbrandmeir.flostanek.at\/en\/wp-json\/wp\/v2\/categories?post=3697"},{"taxonomy":"post_tag","embeddable":true,"href":"http:\/\/stanekbrandmeir.flostanek.at\/en\/wp-json\/wp\/v2\/tags?post=3697"}],"curies":[{"name":"wp","href":"https:\/\/api.w.org\/{rel}","templated":true}]}}